{"id":9152,"date":"2025-02-19T15:08:37","date_gmt":"2025-02-19T15:08:37","guid":{"rendered":"https:\/\/www.aberconwy.conwy.sch.uk\/?p=9152"},"modified":"2025-02-19T16:57:29","modified_gmt":"2025-02-19T16:57:29","slug":"aleena-becomes-first-sea-lords-cadet","status":"publish","type":"post","link":"https:\/\/www.aberconwy.conwy.sch.uk\/cy\/2025\/02\/19\/aleena-becomes-first-sea-lords-cadet\/","title":{"rendered":"Mae Aleena yn Dod yn Gad\u00e9t Arglwydd Cyntaf y Morlys"},"content":{"rendered":"<p>Mae\u2019n bleser gennym gyhoeddi cyflawniad rhyfeddol sy\u2019n haeddu cael ei gydnabod a\u2019i ddathlu \u2013 cafodd Aleena, un o\u2019n myfyrwyr blwyddyn 11, ei hanrhydeddu\u2019n ddiweddar \u00e2 theitl mawreddog Cad\u00e9t Arglwydd Cyntaf y Morlys ar gyfer 2025!<\/p>\n\n\n\n<p>Dyfarnwyd yr anrhydedd sylweddol hon yn ystod seremoni ar HMS Victory, y llong ryfel hanesyddol sy'n symbol o ddewrder a rhagoriaeth y llynges, lle cafodd Aleena gyfle gwych i gwrdd ag Arglwydd Cyntaf y Morlys, y Llyngesydd Syr Ben Key KCB CBE ADC. Mae'r anrhydedd hon yn tanlinellu ymrwymiad, sgil a rhinweddau arweinyddiaeth eithriadol Aleena a'i gwnaeth yn nodedig ymhlith ei chyfoedion. Fel un o ddim ond chwe chad\u00e9t m\u00f4r a ddewiswyd ar gyfer yr anrhydedd fawreddog hon, mae Aleena yn ymuno \u00e2 gr\u0175p elitaidd sy\u2019n ymroddedig i feithrin perthynas gref \u00e2\u2019r Llynges Frenhinol a gwasanaethu fel model r\u00f4l i eraill yn y gymuned o gadetiaid.<\/p>\n\n\n\n<p>Ymddiriedir amrywiol gyfrifoldebau i Gadetiaid Arglwydd Cyntaf y Morlys, gan gynnwys cynrychioli'r Llynges Frenhinol mewn digwyddiadau pwysig ac ymgysylltu \u00e2 phobl ifanc mewn gweithgareddau morwrol. Bydd Aleena yn cymryd rhan mewn gweithgareddau amrywiol trwy gydol y flwyddyn, o ymarferion hyfforddi i allgymorth cymunedol, ac ni allwn ddisgwyl i weld yr holl bethau y bydd hi'n eu cyflawni. Wrth i Aleena gychwyn ar yr antur hon, rydym yn hyderus y bydd yn ymgymryd \u00e2'r cyfrifoldebau hyn gyda brwdfrydedd ac ymroddiad.<\/p>\n\n\n\n<p>Dymunwn y gorau iddi ar gyfer yr hyn sy'n argoeli i fod yn flwyddyn gofiadwy a dylanwadol gyda'r Llynges Frenhinol! <\/p>\n\n\n<div class=\"wp-block-image\">\n<figure class=\"aligncenter size-full\"><img loading=\"lazy\" decoding=\"async\" width=\"843\" height=\"534\" src=\"https:\/\/www.aberconwy.conwy.sch.uk\/wp-content\/uploads\/2025\/02\/image.png\" alt=\"\" class=\"wp-image-9153\" srcset=\"https:\/\/www.aberconwy.conwy.sch.uk\/wp-content\/uploads\/2025\/02\/image.png 843w, https:\/\/www.aberconwy.conwy.sch.uk\/wp-content\/uploads\/2025\/02\/image-300x190.png 300w, https:\/\/www.aberconwy.conwy.sch.uk\/wp-content\/uploads\/2025\/02\/image-768x486.png 768w, https:\/\/www.aberconwy.conwy.sch.uk\/wp-content\/uploads\/2025\/02\/image-18x12.png 18w\" sizes=\"auto, (max-width: 843px) 100vw, 843px\" \/><\/figure>\n<\/div>\n\n\n<p>Llun (o&#039;r chwith), Cdt Cpl Saul o Ardal y Gogledd, LC Katie o Ardal Llundain, LC Mia o Ardal y De Orllewin, LC Aleena o Ardal y Gogledd Orllewin, POC Joshua (trydydd o&#039;r dde) yr Ardal Ddwyreiniol, a POC Henery (dde bellaf) o Ardal y De.<\/p>","protected":false},"excerpt":{"rendered":"<p>Mae Aleena, myfyriwr blwyddyn 11, wedi\u2019i hanrhydeddu\u2019n ddiweddar \u00e2 theitl mawreddog Cadet Arglwydd y M\u00f4r Cyntaf am y flwyddyn 2025\u2026 <\/p>","protected":false},"author":4,"featured_media":0,"comment_status":"closed","ping_status":"closed","sticky":false,"template":"","format":"standard","meta":{"_acf_changed":false,"footnotes":""},"categories":[1],"tags":[],"class_list":["post-9152","post","type-post","status-publish","format-standard","hentry","category-uncategorised"],"acf":[],"featured_image_src":null,"author_info":{"display_name":"Sarah Williams","author_link":"https:\/\/www.aberconwy.conwy.sch.uk\/cy\/author\/sarahwilliams\/"},"_links":{"self":[{"href":"https:\/\/www.aberconwy.conwy.sch.uk\/cy\/wp-json\/wp\/v2\/posts\/9152","targetHints":{"allow":["GET"]}}],"collection":[{"href":"https:\/\/www.aberconwy.conwy.sch.uk\/cy\/wp-json\/wp\/v2\/posts"}],"about":[{"href":"https:\/\/www.aberconwy.conwy.sch.uk\/cy\/wp-json\/wp\/v2\/types\/post"}],"author":[{"embeddable":true,"href":"https:\/\/www.aberconwy.conwy.sch.uk\/cy\/wp-json\/wp\/v2\/users\/4"}],"replies":[{"embeddable":true,"href":"https:\/\/www.aberconwy.conwy.sch.uk\/cy\/wp-json\/wp\/v2\/comments?post=9152"}],"version-history":[{"count":7,"href":"https:\/\/www.aberconwy.conwy.sch.uk\/cy\/wp-json\/wp\/v2\/posts\/9152\/revisions"}],"predecessor-version":[{"id":9160,"href":"https:\/\/www.aberconwy.conwy.sch.uk\/cy\/wp-json\/wp\/v2\/posts\/9152\/revisions\/9160"}],"wp:attachment":[{"href":"https:\/\/www.aberconwy.conwy.sch.uk\/cy\/wp-json\/wp\/v2\/media?parent=9152"}],"wp:term":[{"taxonomy":"category","embeddable":true,"href":"https:\/\/www.aberconwy.conwy.sch.uk\/cy\/wp-json\/wp\/v2\/categories?post=9152"},{"taxonomy":"post_tag","embeddable":true,"href":"https:\/\/www.aberconwy.conwy.sch.uk\/cy\/wp-json\/wp\/v2\/tags?post=9152"}],"curies":[{"name":"wp","href":"https:\/\/api.w.org\/{rel}","templated":true}]}}