{"id":5028,"date":"2022-12-14T13:03:52","date_gmt":"2022-12-14T13:03:52","guid":{"rendered":"https:\/\/www.aberconwy.conwy.sch.uk\/?p=5028"},"modified":"2022-12-15T14:05:00","modified_gmt":"2022-12-15T14:05:00","slug":"festive-food-fun-and-games","status":"publish","type":"post","link":"https:\/\/www.aberconwy.conwy.sch.uk\/cy\/2022\/12\/14\/festive-food-fun-and-games\/","title":{"rendered":"Bwyd, Hwyl a Sbri Nadoligaidd"},"content":{"rendered":"<p>Gofynnwyd i gr\u0175p Blwyddyn 11 TGAU Iechyd, Gofal Cymdeithasol a Gofal Plant fynychu cyfarfod Nadolig i oedolion h\u0177n yn Eglwys Fethodistaidd Hen Golwyn ar ddydd Gwener 9 Rhagfyr 2022. Trefnwyd y digwyddiad hwn gan D\u00eem Llesiant Conwy.&nbsp;<\/p>\n\n\n\n<p>Gwirfoddolodd y merched am y prynhawn gan osod byrddau a chadeiriau, dosbarthu chwileiriau, rhedeg ac ymuno yn y sesiwn Bingo. Yn bwysicaf oll, eisteddodd y gr\u0175p a sgwrsio \u00e2'r oedolion h\u0177n a fynychodd y digwyddiad. Dywedodd yr athrawes Myfanwy Wilson, \u201cRoedd yn wych gweld digwyddiad mor llwyddiannus rhwng cenedlaethau, ac roeddwn i\u2019n falch iawn o ymddygiad y merched drwy gydol y digwyddiad.\u201d<\/p>\n\n\n\n<figure class=\"wp-block-image size-large\"><img loading=\"lazy\" decoding=\"async\" width=\"1024\" height=\"768\" src=\"https:\/\/www.aberconwy.conwy.sch.uk\/wp-content\/uploads\/2022\/12\/HSCCC-Christmas-Event-Dec-22-1024x768.jpg\" alt=\"\" class=\"wp-image-5029\" srcset=\"https:\/\/www.aberconwy.conwy.sch.uk\/wp-content\/uploads\/2022\/12\/HSCCC-Christmas-Event-Dec-22-1024x768.jpg 1024w, https:\/\/www.aberconwy.conwy.sch.uk\/wp-content\/uploads\/2022\/12\/HSCCC-Christmas-Event-Dec-22-300x225.jpg 300w, https:\/\/www.aberconwy.conwy.sch.uk\/wp-content\/uploads\/2022\/12\/HSCCC-Christmas-Event-Dec-22-768x576.jpg 768w, https:\/\/www.aberconwy.conwy.sch.uk\/wp-content\/uploads\/2022\/12\/HSCCC-Christmas-Event-Dec-22-1536x1152.jpg 1536w, https:\/\/www.aberconwy.conwy.sch.uk\/wp-content\/uploads\/2022\/12\/HSCCC-Christmas-Event-Dec-22-2048x1536.jpg 2048w, https:\/\/www.aberconwy.conwy.sch.uk\/wp-content\/uploads\/2022\/12\/HSCCC-Christmas-Event-Dec-22-16x12.jpg 16w\" sizes=\"auto, (max-width: 1024px) 100vw, 1024px\" \/><\/figure>","protected":false},"excerpt":{"rendered":"<p>Gwirfoddolodd myfyrwyr yn ddiweddar i fynychu cynulliad Nadolig i oedolion h\u0177n yn Eglwys Fethodistaidd Hen Golwyn\u2026<\/p>","protected":false},"author":4,"featured_media":0,"comment_status":"open","ping_status":"open","sticky":false,"template":"","format":"standard","meta":{"_acf_changed":false,"footnotes":""},"categories":[1],"tags":[],"class_list":["post-5028","post","type-post","status-publish","format-standard","hentry","category-uncategorised"],"acf":[],"featured_image_src":null,"author_info":{"display_name":"Sarah Williams","author_link":"https:\/\/www.aberconwy.conwy.sch.uk\/cy\/author\/sarahwilliams\/"},"_links":{"self":[{"href":"https:\/\/www.aberconwy.conwy.sch.uk\/cy\/wp-json\/wp\/v2\/posts\/5028","targetHints":{"allow":["GET"]}}],"collection":[{"href":"https:\/\/www.aberconwy.conwy.sch.uk\/cy\/wp-json\/wp\/v2\/posts"}],"about":[{"href":"https:\/\/www.aberconwy.conwy.sch.uk\/cy\/wp-json\/wp\/v2\/types\/post"}],"author":[{"embeddable":true,"href":"https:\/\/www.aberconwy.conwy.sch.uk\/cy\/wp-json\/wp\/v2\/users\/4"}],"replies":[{"embeddable":true,"href":"https:\/\/www.aberconwy.conwy.sch.uk\/cy\/wp-json\/wp\/v2\/comments?post=5028"}],"version-history":[{"count":3,"href":"https:\/\/www.aberconwy.conwy.sch.uk\/cy\/wp-json\/wp\/v2\/posts\/5028\/revisions"}],"predecessor-version":[{"id":5054,"href":"https:\/\/www.aberconwy.conwy.sch.uk\/cy\/wp-json\/wp\/v2\/posts\/5028\/revisions\/5054"}],"wp:attachment":[{"href":"https:\/\/www.aberconwy.conwy.sch.uk\/cy\/wp-json\/wp\/v2\/media?parent=5028"}],"wp:term":[{"taxonomy":"category","embeddable":true,"href":"https:\/\/www.aberconwy.conwy.sch.uk\/cy\/wp-json\/wp\/v2\/categories?post=5028"},{"taxonomy":"post_tag","embeddable":true,"href":"https:\/\/www.aberconwy.conwy.sch.uk\/cy\/wp-json\/wp\/v2\/tags?post=5028"}],"curies":[{"name":"wp","href":"https:\/\/api.w.org\/{rel}","templated":true}]}}